{"id":5510,"date":"2020-10-09T11:23:03","date_gmt":"2020-10-09T09:23:03","guid":{"rendered":"http:\/\/www.newcag.be\/fr\/?p=5510"},"modified":"2020-10-09T11:31:06","modified_gmt":"2020-10-09T09:31:06","slug":"salon-virtuel-des-formations-et-metiers-aeronautiques-2020","status":"publish","type":"post","link":"http:\/\/www.newcag.be\/fr\/news\/salon-virtuel-des-formations-et-metiers-aeronautiques-2020\/","title":{"rendered":"Salon Virtuel des Formations et M\u00e9tiers A\u00e9ronautiques 2020"},"content":{"rendered":"\n<p>Ces 9 et 10 octobre 2020, Air Academy New CAG participe au Salon Virtuel des Formations et M\u00e9tiers A\u00e9ronautiques 2020 organis\u00e9 par Aviation et Pilote, en collaboration avec le mus\u00e9e Aeroscopia de Toulouse.<\/p>\n\n\n\n<p>Il y est possible de nous rencontrer via visioconf\u00e9rence.<\/p>\n\n\n\n<p>Pour visiter ce salon en ligne, nous vous invitons \u00e0 vous inscrire via le lien suivant: <a rel=\"noreferrer noopener\" href=\"https:\/\/bit.ly\/33wV7q9?fbclid=IwAR231ycBR4hzshY1CnnzS1aTSEQKzwbxlYbmwh7OqzNZjIeHW5lPQNrCZfk\" target=\"_blank\">https:\/\/bit.ly\/33wV7q9<\/a><\/p>\n\n\n\n<p>Retrouvez ci-apr\u00e8s nos diff\u00e9rentes brochures:<\/p>\n\n\n\n<p>&#8211; Pilot Professional Training &#8211; Brochure et tarifs :&nbsp;<a class=\"\" href=\"https:\/\/bit.ly\/3jp7eeu\">https:\/\/bit.ly\/3jp7eeu<\/a><br>&#8211; Advanced UPRT :&nbsp;<a class=\"\" href=\"https:\/\/bit.ly\/3n5D5TP\">https:\/\/bit.ly\/3n5D5TP<\/a><br>&#8211; MCC-JOC :&nbsp;<a class=\"\" href=\"https:\/\/bit.ly\/2ESxvCS\">https:\/\/bit.ly\/2ESxvCS<\/a><\/p>\n\n\n\n<figure class=\"wp-block-embed-youtube aligncenter wp-block-embed is-type-video is-provider-youtube wp-embed-aspect-16-9 wp-has-aspect-ratio\"><div class=\"wp-block-embed__wrapper\">\n<iframe loading=\"lazy\" title=\"Become an airline pilot with Air Academy New CAG !\" width=\"1140\" height=\"641\" src=\"https:\/\/www.youtube.com\/embed\/VEDwUXQ2UrE?feature=oembed\" frameborder=\"0\" allow=\"accelerometer; autoplay; clipboard-write; encrypted-media; gyroscope; picture-in-picture\" allowfullscreen><\/iframe>\n<\/div><\/figure>\n","protected":false},"excerpt":{"rendered":"<p>Ces 9 et 10 octobre 2020, Air Academy New CAG participe au Salon Virtuel des Formations et M\u00e9tiers A\u00e9ronautiques 2020 organis\u00e9 par Aviation et Pilote, en collaboration avec le mus\u00e9e Aeroscopia de Toulouse. Il y est possible de nous rencontrer via visioconf\u00e9rence. Pour visiter ce salon en ligne, nous vous invitons \u00e0 vous inscrire via &hellip;<\/p>\n","protected":false},"author":4,"featured_media":5512,"comment_status":"open","ping_status":"open","sticky":false,"template":"","format":"standard","meta":{"footnotes":""},"categories":[3],"tags":[],"class_list":["post-5510","post","type-post","status-publish","format-standard","has-post-thumbnail","hentry","category-non-classifiee"],"yoast_head":"<!-- This site is optimized with the Yoast SEO plugin v15.2 - https:\/\/yoast.com\/wordpress\/plugins\/seo\/ -->\n<meta name=\"robots\" content=\"index, follow, max-snippet:-1, max-image-preview:large, max-video-preview:-1\" \/>\n<link rel=\"canonical\" href=\"https:\/\/www.newcag.be\/fr\/news\/salon-virtuel-des-formations-et-metiers-aeronautiques-2020\/\" \/>\n<meta property=\"og:locale\" content=\"fr_FR\" \/>\n<meta property=\"og:type\" content=\"article\" \/>\n<meta property=\"og:title\" content=\"Salon Virtuel des Formations et M\u00e9tiers A\u00e9ronautiques 2020 - Air Academy New CAG\" \/>\n<meta property=\"og:description\" content=\"Ces 9 et 10 octobre 2020, Air Academy New CAG participe au Salon Virtuel des Formations et M\u00e9tiers A\u00e9ronautiques 2020 organis\u00e9 par Aviation et Pilote, en collaboration avec le mus\u00e9e Aeroscopia de Toulouse. Il y est possible de nous rencontrer via visioconf\u00e9rence. Pour visiter ce salon en ligne, nous vous invitons \u00e0 vous inscrire via &hellip;\" \/>\n<meta property=\"og:url\" content=\"https:\/\/www.newcag.be\/fr\/news\/salon-virtuel-des-formations-et-metiers-aeronautiques-2020\/\" \/>\n<meta property=\"og:site_name\" content=\"Air Academy New CAG\" \/>\n<meta property=\"article:publisher\" content=\"http:\/\/www.facebook.com\/AirAcademyNewCag\" \/>\n<meta property=\"article:published_time\" content=\"2020-10-09T09:23:03+00:00\" \/>\n<meta property=\"article:modified_time\" content=\"2020-10-09T09:31:06+00:00\" \/>\n<meta property=\"og:image\" content=\"http:\/\/www.newcag.be\/wp-content\/uploads\/2020\/10\/VSFMA-2020-1024x683.png\" \/>\n\t<meta property=\"og:image:width\" content=\"1024\" \/>\n\t<meta property=\"og:image:height\" content=\"683\" \/>\n<meta name=\"twitter:card\" content=\"summary\" \/>\n<meta name=\"twitter:creator\" content=\"@AA_NCAG\" \/>\n<meta name=\"twitter:site\" content=\"@AA_NCAG\" \/>\n<meta name=\"twitter:label1\" value=\"\u00c9crit par\">\n\t<meta name=\"twitter:data1\" value=\"Arnaud Libeau\">\n\t<meta name=\"twitter:label2\" value=\"Dur\u00e9e de lecture est.\">\n\t<meta name=\"twitter:data2\" value=\"0 minute\">\n<script type=\"application\/ld+json\" class=\"yoast-schema-graph\">{\"@context\":\"https:\/\/schema.org\",\"@graph\":[{\"@type\":\"Organization\",\"@id\":\"https:\/\/www.newcag.be\/fr\/#organization\",\"name\":\"Air Academy New CAG\",\"url\":\"https:\/\/www.newcag.be\/fr\/\",\"sameAs\":[\"http:\/\/www.facebook.com\/AirAcademyNewCag\",\"http:\/\/www.linkedin.com\/company\/air-academy-new-cag\",\"https:\/\/twitter.com\/AA_NCAG\"],\"logo\":{\"@type\":\"ImageObject\",\"@id\":\"https:\/\/www.newcag.be\/fr\/#logo\",\"inLanguage\":\"fr-FR\",\"url\":\"http:\/\/www.newcag.be\/wp-content\/uploads\/2018\/12\/CAG-signature.png\",\"width\":820,\"height\":230,\"caption\":\"Air Academy New CAG\"},\"image\":{\"@id\":\"https:\/\/www.newcag.be\/fr\/#logo\"}},{\"@type\":\"WebSite\",\"@id\":\"https:\/\/www.newcag.be\/fr\/#website\",\"url\":\"https:\/\/www.newcag.be\/fr\/\",\"name\":\"Air Academy New CAG\",\"description\":\"BE-ATO\/005\",\"publisher\":{\"@id\":\"https:\/\/www.newcag.be\/fr\/#organization\"},\"potentialAction\":[{\"@type\":\"SearchAction\",\"target\":\"https:\/\/www.newcag.be\/fr\/?s={search_term_string}\",\"query-input\":\"required name=search_term_string\"}],\"inLanguage\":\"fr-FR\"},{\"@type\":\"ImageObject\",\"@id\":\"https:\/\/www.newcag.be\/fr\/news\/salon-virtuel-des-formations-et-metiers-aeronautiques-2020\/#primaryimage\",\"inLanguage\":\"fr-FR\",\"url\":\"http:\/\/www.newcag.be\/wp-content\/uploads\/2020\/10\/VSFMA-2020.png\",\"width\":5616,\"height\":3744},{\"@type\":\"WebPage\",\"@id\":\"https:\/\/www.newcag.be\/fr\/news\/salon-virtuel-des-formations-et-metiers-aeronautiques-2020\/#webpage\",\"url\":\"https:\/\/www.newcag.be\/fr\/news\/salon-virtuel-des-formations-et-metiers-aeronautiques-2020\/\",\"name\":\"Salon Virtuel des Formations et M\\u00e9tiers A\\u00e9ronautiques 2020 - Air Academy New CAG\",\"isPartOf\":{\"@id\":\"https:\/\/www.newcag.be\/fr\/#website\"},\"primaryImageOfPage\":{\"@id\":\"https:\/\/www.newcag.be\/fr\/news\/salon-virtuel-des-formations-et-metiers-aeronautiques-2020\/#primaryimage\"},\"datePublished\":\"2020-10-09T09:23:03+00:00\",\"dateModified\":\"2020-10-09T09:31:06+00:00\",\"inLanguage\":\"fr-FR\",\"potentialAction\":[{\"@type\":\"ReadAction\",\"target\":[\"https:\/\/www.newcag.be\/fr\/news\/salon-virtuel-des-formations-et-metiers-aeronautiques-2020\/\"]}]},{\"@type\":\"Article\",\"@id\":\"https:\/\/www.newcag.be\/fr\/news\/salon-virtuel-des-formations-et-metiers-aeronautiques-2020\/#article\",\"isPartOf\":{\"@id\":\"https:\/\/www.newcag.be\/fr\/news\/salon-virtuel-des-formations-et-metiers-aeronautiques-2020\/#webpage\"},\"author\":{\"@id\":\"https:\/\/www.newcag.be\/fr\/#\/schema\/person\/c6c8f595a511da4eff24811a9f03fb43\"},\"headline\":\"Salon Virtuel des Formations et M\\u00e9tiers A\\u00e9ronautiques 2020\",\"datePublished\":\"2020-10-09T09:23:03+00:00\",\"dateModified\":\"2020-10-09T09:31:06+00:00\",\"mainEntityOfPage\":{\"@id\":\"https:\/\/www.newcag.be\/fr\/news\/salon-virtuel-des-formations-et-metiers-aeronautiques-2020\/#webpage\"},\"commentCount\":0,\"publisher\":{\"@id\":\"https:\/\/www.newcag.be\/fr\/#organization\"},\"image\":{\"@id\":\"https:\/\/www.newcag.be\/fr\/news\/salon-virtuel-des-formations-et-metiers-aeronautiques-2020\/#primaryimage\"},\"articleSection\":\"Non classifi\\u00e9(e)\",\"inLanguage\":\"fr-FR\",\"potentialAction\":[{\"@type\":\"CommentAction\",\"name\":\"Comment\",\"target\":[\"https:\/\/www.newcag.be\/fr\/news\/salon-virtuel-des-formations-et-metiers-aeronautiques-2020\/#respond\"]}]},{\"@type\":\"Person\",\"@id\":\"https:\/\/www.newcag.be\/fr\/#\/schema\/person\/c6c8f595a511da4eff24811a9f03fb43\",\"name\":\"Arnaud Libeau\",\"image\":{\"@type\":\"ImageObject\",\"@id\":\"https:\/\/www.newcag.be\/fr\/#personlogo\",\"inLanguage\":\"fr-FR\",\"url\":\"https:\/\/secure.gravatar.com\/avatar\/41dd3993ca6cce3bf7396d4d4706bd0037904d39d003e247dac2fcbaa07dcf7f?s=96&d=mm&r=g\",\"caption\":\"Arnaud Libeau\"}}]}<\/script>\n<!-- \/ Yoast SEO plugin. -->","_links":{"self":[{"href":"http:\/\/www.newcag.be\/fr\/wp-json\/wp\/v2\/posts\/5510","targetHints":{"allow":["GET"]}}],"collection":[{"href":"http:\/\/www.newcag.be\/fr\/wp-json\/wp\/v2\/posts"}],"about":[{"href":"http:\/\/www.newcag.be\/fr\/wp-json\/wp\/v2\/types\/post"}],"author":[{"embeddable":true,"href":"http:\/\/www.newcag.be\/fr\/wp-json\/wp\/v2\/users\/4"}],"replies":[{"embeddable":true,"href":"http:\/\/www.newcag.be\/fr\/wp-json\/wp\/v2\/comments?post=5510"}],"version-history":[{"count":4,"href":"http:\/\/www.newcag.be\/fr\/wp-json\/wp\/v2\/posts\/5510\/revisions"}],"predecessor-version":[{"id":5517,"href":"http:\/\/www.newcag.be\/fr\/wp-json\/wp\/v2\/posts\/5510\/revisions\/5517"}],"wp:featuredmedia":[{"embeddable":true,"href":"http:\/\/www.newcag.be\/fr\/wp-json\/wp\/v2\/media\/5512"}],"wp:attachment":[{"href":"http:\/\/www.newcag.be\/fr\/wp-json\/wp\/v2\/media?parent=5510"}],"wp:term":[{"taxonomy":"category","embeddable":true,"href":"http:\/\/www.newcag.be\/fr\/wp-json\/wp\/v2\/categories?post=5510"},{"taxonomy":"post_tag","embeddable":true,"href":"http:\/\/www.newcag.be\/fr\/wp-json\/wp\/v2\/tags?post=5510"}],"curies":[{"name":"wp","href":"https:\/\/api.w.org\/{rel}","templated":true}]}}